{"id":14966,"date":"2023-11-15T23:36:59","date_gmt":"2023-11-15T22:36:59","guid":{"rendered":"https:\/\/revija-ventil.si\/comparison-of-measured-and-design-values-regarding-the-intensity-of-ventilation-of-the-premises\/"},"modified":"2023-11-15T23:39:43","modified_gmt":"2023-11-15T22:39:43","slug":"comparison-of-measured-and-design-values-regarding-the-intensity-of-ventilation-of-the-premises","status":"publish","type":"post","link":"https:\/\/revija-ventil.si\/en\/comparison-of-measured-and-design-values-regarding-the-intensity-of-ventilation-of-the-premises\/","title":{"rendered":"Comparison of measured and design values regarding the intensity of ventilation of the premises"},"content":{"rendered":"<p>[et_pb_section fb_built=&#8221;1&#8243; admin_label=&#8221;section&#8221; _builder_version=&#8221;4.16&#8243; global_colors_info=&#8221;{}&#8221; theme_builder_area=&#8221;post_content&#8221;][et_pb_row column_structure=&#8221;3_4,1_4&#8243; use_custom_gutter=&#8221;on&#8221; gutter_width=&#8221;2&#8243; admin_label=&#8221;row&#8221; _builder_version=&#8221;4.16&#8243; background_size=&#8221;initial&#8221; background_position=&#8221;top_left&#8221; background_repeat=&#8221;repeat&#8221; global_colors_info=&#8221;{}&#8221; theme_builder_area=&#8221;post_content&#8221;][et_pb_column type=&#8221;3_4&#8243; _builder_version=&#8221;4.16&#8243; custom_padding=&#8221;|||&#8221; global_colors_info=&#8221;{}&#8221; custom_padding__hover=&#8221;|||&#8221; theme_builder_area=&#8221;post_content&#8221;][et_pb_post_title author=&#8221;off&#8221; date_format=&#8221;j. F, Y&#8221; comments=&#8221;off&#8221; featured_image=&#8221;off&#8221; admin_label=&#8221;Post Title&#8221; _builder_version=&#8221;4.21.0&#8243; title_level=&#8221;h2&#8243; custom_margin=&#8221;||30px||false|false&#8221; custom_margin_tablet=&#8221;||20px||false|false&#8221; custom_margin_phone=&#8221;&#8221; custom_margin_last_edited=&#8221;on|desktop&#8221; custom_padding=&#8221;||||false|false&#8221; global_module=&#8221;11762&#8243; saved_tabs=&#8221;all&#8221; global_colors_info=&#8221;{}&#8221; theme_builder_area=&#8221;post_content&#8221;][\/et_pb_post_title][et_pb_text content_last_edited=&#8221;off|desktop&#8221; admin_label=&#8221;Avtor&#8221; _builder_version=&#8221;4.23.1&#8243; background_size=&#8221;initial&#8221; background_position=&#8221;top_left&#8221; background_repeat=&#8221;repeat&#8221; min_height=&#8221;21px&#8221; custom_margin=&#8221;||10px||false|false&#8221; custom_margin_tablet=&#8221;||||false|false&#8221; custom_margin_phone=&#8221;||10px||false|false&#8221; custom_margin_last_edited=&#8221;on|desktop&#8221; custom_padding=&#8221;0px||0px||false|false&#8221; custom_padding_last_edited=&#8221;off|desktop&#8221; hover_enabled=&#8221;0&#8243; use_border_color=&#8221;off&#8221; global_colors_info=&#8221;{}&#8221; theme_builder_area=&#8221;post_content&#8221; sticky_enabled=&#8221;0&#8243;]<\/p>\n<h6 style=\"text-align: justify;\">Ga\u0161per Brunskole, dipl. in\u017e., izr. prof. dr. Uro\u0161 Stritih, univ. dipl. in\u017e., oba Univerza v Ljubljani, Fakulteta za strojni\u0161tvo<\/h6>\n<p>[\/et_pb_text][et_pb_image src=&#8221;https:\/\/revija-ventil.si\/wp-content\/uploads\/brunskole_11_2023-min.png&#8221; title_text=&#8221;brunskole 11 2023&#8243; show_in_lightbox=&#8221;on&#8221; force_fullwidth=&#8221;on&#8221; align_tablet=&#8221;center&#8221; align_phone=&#8221;&#8221; align_last_edited=&#8221;on|desktop&#8221; admin_label=&#8221;Slika&#8221; _builder_version=&#8221;4.23.1&#8243; custom_margin=&#8221;||||false|false&#8221; custom_padding=&#8221;||||false|false&#8221; animation_style=&#8221;fade&#8221; animation_direction=&#8221;left&#8221; animation_duration=&#8221;500ms&#8221; hover_enabled=&#8221;0&#8243; use_border_color=&#8221;off&#8221; global_colors_info=&#8221;{}&#8221; theme_builder_area=&#8221;post_content&#8221; sticky_enabled=&#8221;0&#8243;]&nbsp;<br \/>\n[\/et_pb_image][et_pb_text admin_label=&#8221;Besedilo&#8221; _builder_version=&#8221;4.23.1&#8243; background_size=&#8221;initial&#8221; background_position=&#8221;top_left&#8221; background_repeat=&#8221;repeat&#8221; custom_margin=&#8221;||25px||false|false&#8221; custom_margin_tablet=&#8221;&#8221; custom_margin_phone=&#8221;&#8221; custom_margin_last_edited=&#8221;on|phone&#8221; custom_padding=&#8221;||0px||false|false&#8221; hover_enabled=&#8221;0&#8243; use_border_color=&#8221;off&#8221; global_colors_info=&#8221;{}&#8221; theme_builder_area=&#8221;post_content&#8221; sticky_enabled=&#8221;0&#8243;]<\/p>\n<p><strong>Abstract:<br \/><\/strong>In this article, the focus is on a central ventilation system that has a Dantherm RCV 320 installed. All air measurements, such as: air flow, air temperature, room humidity and CO2, were carried out in a residential prefab low-energy building located in Metlika or more precisely at the address Ber\u010dice 3a. We wanted to check whether the project values stated by the designers are the same as the measured values. Since the owner of the building was interested in the operation of the heating and ventilation devices, we devoted our time to this as well and familiarized him with it.<\/p>\n<p style=\"text-align: justify;\"><strong>Keywords:<br \/><\/strong>ventilation, heat recovery, ventilation system, air quality<\/p>\n<p>[\/et_pb_text][et_pb_button button_url=&#8221;https:\/\/revija-ventil.si\/wp-content\/uploads\/brunskole_2023_11.pdf&#8221; url_new_window=&#8221;on&#8221; button_text=&#8221;Download PDF&#8221; admin_label=&#8221;Gumb Prenesi PDF&#8221; _builder_version=&#8221;4.23.1&#8243; custom_button=&#8221;on&#8221; button_text_size=&#8221;15px&#8221; button_text_color=&#8221;#00868a&#8221; button_bg_color=&#8221;rgba(0,0,0,0)&#8221; button_border_color=&#8221;#00868a&#8221; button_icon=&#8221;&#xe0e8;||divi||400&#8243; custom_margin=&#8221;||0px||false|false&#8221; custom_margin_tablet=&#8221;||20px||false|false&#8221; custom_margin_phone=&#8221;&#8221; custom_margin_last_edited=&#8221;on|desktop&#8221; custom_padding=&#8221;||||false|false&#8221; hover_enabled=&#8221;0&#8243; locked=&#8221;off&#8221; global_colors_info=&#8221;{}&#8221; button_border_color__hover_enabled=&#8221;on|hover&#8221; button_border_color__hover=&#8221;#00868a&#8221; theme_builder_area=&#8221;post_content&#8221; sticky_enabled=&#8221;0&#8243;][\/et_pb_button][et_pb_post_nav in_same_term=&#8221;on&#8221; prev_text=&#8221;Older entries&#8221; next_text=&#8221;Newer entries&#8221; admin_label=&#8221;Navigacija po objavah&#8221; _builder_version=&#8221;4.3.3&#8243; custom_margin=&#8221;||||false|false&#8221; custom_margin_phone=&#8221;||||false|false&#8221; custom_margin_last_edited=&#8221;off|desktop&#8221; custom_padding=&#8221;20px||||false|false&#8221; custom_padding_tablet=&#8221;0px||0px||false|false&#8221; custom_padding_phone=&#8221;0px||0px||false|false&#8221; custom_padding_last_edited=&#8221;on|tablet&#8221; title_text_color_last_edited=&#8221;off|desktop&#8221; global_module=&#8221;11763&#8243; locked=&#8221;off&#8221; global_colors_info=&#8221;{}&#8221; title_text_color__hover_enabled=&#8221;on|desktop&#8221; title_text_color__hover=&#8221;#212b31&#8243; theme_builder_area=&#8221;post_content&#8221;][\/et_pb_post_nav][\/et_pb_column][et_pb_column type=&#8221;1_4&#8243; _builder_version=&#8221;4.16&#8243; custom_padding=&#8221;|||&#8221; global_colors_info=&#8221;{}&#8221; custom_padding__hover=&#8221;|||&#8221; theme_builder_area=&#8221;post_content&#8221;]<\/p>\n<p>[et_pb_sidebar orientation=&#8221;right&#8221; area=&#8221;et_pb_widget_area_4&#8243; disabled_on=&#8221;on|on|off&#8221; _builder_version=&#8221;4.3.3&#8243; global_module=&#8221;11764&#8243; global_colors_info=&#8221;{}&#8221; theme_builder_area=&#8221;post_content&#8221;][\/et_pb_sidebar]<\/p>\n<p>[\/et_pb_column][\/et_pb_row][\/et_pb_section]<\/p>\n","protected":false},"excerpt":{"rendered":"<p>In this article, the focus is on a central ventilation system that has a Dantherm RCV 320 installed. All air measurements, such as: air flow, air temperature, room humidity and CO2, were carried out in a residential prefab low-energy building located in Metlika.<\/p>\n","protected":false},"author":5,"featured_media":14912,"comment_status":"closed","ping_status":"open","sticky":false,"template":"","format":"standard","meta":{"_et_pb_use_builder":"on","_et_pb_old_content":"","_et_gb_content_width":"","footnotes":""},"categories":[153,154],"tags":[],"class_list":["post-14966","post","type-post","status-publish","format-standard","has-post-thumbnail","hentry","category-exposed-articles","category-science-and-expert-articles"],"_links":{"self":[{"href":"https:\/\/revija-ventil.si\/en\/wp-json\/wp\/v2\/posts\/14966","targetHints":{"allow":["GET"]}}],"collection":[{"href":"https:\/\/revija-ventil.si\/en\/wp-json\/wp\/v2\/posts"}],"about":[{"href":"https:\/\/revija-ventil.si\/en\/wp-json\/wp\/v2\/types\/post"}],"author":[{"embeddable":true,"href":"https:\/\/revija-ventil.si\/en\/wp-json\/wp\/v2\/users\/5"}],"replies":[{"embeddable":true,"href":"https:\/\/revija-ventil.si\/en\/wp-json\/wp\/v2\/comments?post=14966"}],"version-history":[{"count":2,"href":"https:\/\/revija-ventil.si\/en\/wp-json\/wp\/v2\/posts\/14966\/revisions"}],"predecessor-version":[{"id":14968,"href":"https:\/\/revija-ventil.si\/en\/wp-json\/wp\/v2\/posts\/14966\/revisions\/14968"}],"wp:featuredmedia":[{"embeddable":true,"href":"https:\/\/revija-ventil.si\/en\/wp-json\/wp\/v2\/media\/14912"}],"wp:attachment":[{"href":"https:\/\/revija-ventil.si\/en\/wp-json\/wp\/v2\/media?parent=14966"}],"wp:term":[{"taxonomy":"category","embeddable":true,"href":"https:\/\/revija-ventil.si\/en\/wp-json\/wp\/v2\/categories?post=14966"},{"taxonomy":"post_tag","embeddable":true,"href":"https:\/\/revija-ventil.si\/en\/wp-json\/wp\/v2\/tags?post=14966"}],"curies":[{"name":"wp","href":"https:\/\/api.w.org\/{rel}","templated":true}]}}